{"id":4922,"date":"2025-03-02T11:40:48","date_gmt":"2025-03-02T10:40:48","guid":{"rendered":"http:\/\/www.scfrasdorf.de\/?p=4922"},"modified":"2025-03-02T11:41:47","modified_gmt":"2025-03-02T10:41:47","slug":"sportlerball-am-08-02-2025","status":"publish","type":"post","link":"http:\/\/www.scfrasdorf.de\/index.php\/2025\/03\/02\/sportlerball-am-08-02-2025\/","title":{"rendered":"Sportlerball am 08.02.2025"},"content":{"rendered":"\n<p>In k\u00fcrzester Zeit war der \u201eMayrl-Saal\u201c am Samstagabend brechend voll. Man m\u00f6chte meinen, dass sich ganz Frasdorf und Umgebung an diesem Abend<br>versammelt hat. Die Kost\u00fcmvielfalt war wie jedes Jahr vom Feinsten. Sogar \u201eDonald Trump\u201c mischte sich unter die tanzende Menge. Das Musikrepertoire der \u201eLogos\u201c. brachte Jung und Alt zum Schwitzen. Mit Spannung erwartete man den Einmarsch der Aschauer Prinzengarde. Der spektakul\u00e4re Showtanz unter dem Motto \u201cBella Venezia\u201c lie\u00df f\u00fcr kurze Zeit Ruhe einkehren, jedoch ab der Schlusspose war der Saal mit tobendem Applaus gef\u00fcllt. Hatte man schon m\u00fcde Tanzbeine oder keine Lust zum Tanzen, war die Bar eine gern angenommene Alternative. Bis sp\u00e4t in die Nacht war Gedr\u00e4nge an den Tresen.<br>Der Verein m\u00f6chte sich bei allen Helfern f\u00fcr ihren Einsatz bedanken.<\/p>\n\n\n\n<figure class=\"wp-block-image size-large\"><img loading=\"lazy\" width=\"897\" height=\"802\" src=\"http:\/\/www.scfrasdorf.de\/wp-content\/uploads\/2025\/03\/fasching-2025.jpg\" alt=\"\" class=\"wp-image-4924\" srcset=\"http:\/\/www.scfrasdorf.de\/wp-content\/uploads\/2025\/03\/fasching-2025.jpg 897w, http:\/\/www.scfrasdorf.de\/wp-content\/uploads\/2025\/03\/fasching-2025-300x268.jpg 300w, http:\/\/www.scfrasdorf.de\/wp-content\/uploads\/2025\/03\/fasching-2025-768x687.jpg 768w\" sizes=\"(max-width: 897px) 100vw, 897px\" \/><figcaption>Die Aschauer Garde zeigte ihr K\u00f6nnen. <\/figcaption><\/figure>\n","protected":false},"excerpt":{"rendered":"<p>R\u00fcckblick zum Sportlerball am 08.02.2025 im &#8222;Mayerl&#8220; in Frasdorf. <\/p>\n","protected":false},"author":1,"featured_media":4923,"comment_status":"closed","ping_status":"closed","sticky":false,"template":"","format":"standard","meta":{"ngg_post_thumbnail":0},"categories":[9,1],"tags":[],"_links":{"self":[{"href":"http:\/\/www.scfrasdorf.de\/index.php\/wp-json\/wp\/v2\/posts\/4922"}],"collection":[{"href":"http:\/\/www.scfrasdorf.de\/index.php\/wp-json\/wp\/v2\/posts"}],"about":[{"href":"http:\/\/www.scfrasdorf.de\/index.php\/wp-json\/wp\/v2\/types\/post"}],"author":[{"embeddable":true,"href":"http:\/\/www.scfrasdorf.de\/index.php\/wp-json\/wp\/v2\/users\/1"}],"replies":[{"embeddable":true,"href":"http:\/\/www.scfrasdorf.de\/index.php\/wp-json\/wp\/v2\/comments?post=4922"}],"version-history":[{"count":2,"href":"http:\/\/www.scfrasdorf.de\/index.php\/wp-json\/wp\/v2\/posts\/4922\/revisions"}],"predecessor-version":[{"id":4927,"href":"http:\/\/www.scfrasdorf.de\/index.php\/wp-json\/wp\/v2\/posts\/4922\/revisions\/4927"}],"wp:featuredmedia":[{"embeddable":true,"href":"http:\/\/www.scfrasdorf.de\/index.php\/wp-json\/wp\/v2\/media\/4923"}],"wp:attachment":[{"href":"http:\/\/www.scfrasdorf.de\/index.php\/wp-json\/wp\/v2\/media?parent=4922"}],"wp:term":[{"taxonomy":"category","embeddable":true,"href":"http:\/\/www.scfrasdorf.de\/index.php\/wp-json\/wp\/v2\/categories?post=4922"},{"taxonomy":"post_tag","embeddable":true,"href":"http:\/\/www.scfrasdorf.de\/index.php\/wp-json\/wp\/v2\/tags?post=4922"}],"curies":[{"name":"wp","href":"https:\/\/api.w.org\/{rel}","templated":true}]}}